{"id":579,"date":"2018-11-19T13:49:44","date_gmt":"2018-11-19T13:49:44","guid":{"rendered":"http:\/\/www.apaccf.pt\/?p=579"},"modified":"2018-11-30T14:01:53","modified_gmt":"2018-11-30T14:01:53","slug":"dia-nacional-do-pijama","status":"publish","type":"post","link":"https:\/\/www.apaccf.pt\/index.php\/2018\/11\/19\/dia-nacional-do-pijama\/","title":{"rendered":"Os apanhadores de sonhos"},"content":{"rendered":"<p>Amanh\u00e3 \u00e9 <a class=\"_58cn\" href=\"https:\/\/www.facebook.com\/hashtag\/dianacionaldopijama?source=feed_text&amp;epa=HASHTAG&amp;__xts__%5B0%5D=68.ARBWqCOLApLPjJPHeGTaLj5QAdomuIF_1Xz_bWWF6CGzrp6YWjG6zj7Rply9XM5HizCgBIsZwBmWOwuHAi76h_XFZJb1VzqPZgoJkfIrrAbHhNLZPhm5OhelWkuf083J0RUBw2Gu_QSb8CYhySN9h6DDtJ26frPU9REetlkdRYYCrL-J3fQOHt0qmfffV5dAhK0Mz1FmZ8Rvx1Apl36tu3ZAmdaEWeRSFrroFpbsemCzl9mb9zOhPJ8NScSo5Oetw9nKsZJTRLlQ2rF7YoWCX-kodedeDsljWegtWZpeKsrQKsEOE-Ldc0sxptON65UNBfGxnfY0IEcIp5nFvJLh45BtlAcl9BsgtAQ&amp;__tn__=%2ANK-R\" data-ft=\"{&quot;type&quot;:104,&quot;tn&quot;:&quot;*N&quot;}\"><span class=\"_5afx\"><span class=\"_58cl _5afz\" aria-label=\"hashtag\">#<\/span><span class=\"_58cm\">DiaNacionaldoPijama<\/span><\/span><\/a>. A sabedoria das pedras est\u00e1 no cora\u00e7\u00e3o de cada crian\u00e7a. Os apanhadores de sonhos est\u00e3o em marcha e j\u00e1 enterr\u00e1mos os pesadelos.<\/p>\n<p>Esperamos um dia cheio de partilhas, magia e emo\u00e7\u00e3o. N\u00e3o se esque\u00e7am da vossa almofada!<\/p>\n<div class=\"fb-video\" data-allowfullscreen=\"true\" data-href=\"https:\/\/www.facebook.com\/apaccf\/videos\/1117441158437376\/\" style=\"background-color: #fff; display: inline-block;\"><\/div>\n","protected":false},"excerpt":{"rendered":"<p>Amanh\u00e3 \u00e9 #DiaNacionaldoPijama. A sabedoria das pedras est\u00e1 no cora\u00e7\u00e3o de cada crian\u00e7a. Os apanhadores de sonhos est\u00e3o em marcha e j\u00e1 enterr\u00e1mos os pesadelos. Esperamos um dia cheio de partilhas, magia e emo\u00e7\u00e3o. N\u00e3o se esque\u00e7am da vossa almofada!<\/p>\n","protected":false},"author":1,"featured_media":589,"comment_status":"closed","ping_status":"closed","sticky":false,"template":"","format":"standard","meta":{"jetpack_post_was_ever_published":false,"_jetpack_newsletter_access":"","_jetpack_dont_email_post_to_subs":false,"_jetpack_newsletter_tier_id":0,"_jetpack_memberships_contains_paywalled_content":false,"_jetpack_memberships_contains_paid_content":false,"footnotes":"","jetpack_publicize_message":"","jetpack_publicize_feature_enabled":true,"jetpack_social_post_already_shared":true,"jetpack_social_options":{"image_generator_settings":{"template":"highway","default_image_id":0,"font":"","enabled":false},"version":2}},"categories":[5],"tags":[],"class_list":["post-579","post","type-post","status-publish","format-standard","has-post-thumbnail","hentry","category-novidades"],"jetpack_publicize_connections":[],"jetpack_featured_media_url":"https:\/\/www.apaccf.pt\/wp-content\/uploads\/2018\/11\/dia-nacional.jpg","jetpack_shortlink":"https:\/\/wp.me\/p9zHCG-9l","jetpack_sharing_enabled":true,"_links":{"self":[{"href":"https:\/\/www.apaccf.pt\/index.php\/wp-json\/wp\/v2\/posts\/579","targetHints":{"allow":["GET"]}}],"collection":[{"href":"https:\/\/www.apaccf.pt\/index.php\/wp-json\/wp\/v2\/posts"}],"about":[{"href":"https:\/\/www.apaccf.pt\/index.php\/wp-json\/wp\/v2\/types\/post"}],"author":[{"embeddable":true,"href":"https:\/\/www.apaccf.pt\/index.php\/wp-json\/wp\/v2\/users\/1"}],"replies":[{"embeddable":true,"href":"https:\/\/www.apaccf.pt\/index.php\/wp-json\/wp\/v2\/comments?post=579"}],"version-history":[{"count":2,"href":"https:\/\/www.apaccf.pt\/index.php\/wp-json\/wp\/v2\/posts\/579\/revisions"}],"predecessor-version":[{"id":590,"href":"https:\/\/www.apaccf.pt\/index.php\/wp-json\/wp\/v2\/posts\/579\/revisions\/590"}],"wp:featuredmedia":[{"embeddable":true,"href":"https:\/\/www.apaccf.pt\/index.php\/wp-json\/wp\/v2\/media\/589"}],"wp:attachment":[{"href":"https:\/\/www.apaccf.pt\/index.php\/wp-json\/wp\/v2\/media?parent=579"}],"wp:term":[{"taxonomy":"category","embeddable":true,"href":"https:\/\/www.apaccf.pt\/index.php\/wp-json\/wp\/v2\/categories?post=579"},{"taxonomy":"post_tag","embeddable":true,"href":"https:\/\/www.apaccf.pt\/index.php\/wp-json\/wp\/v2\/tags?post=579"}],"curies":[{"name":"wp","href":"https:\/\/api.w.org\/{rel}","templated":true}]}}