{"id":1502,"date":"2026-08-26T17:30:55","date_gmt":"2026-08-26T17:30:55","guid":{"rendered":"https:\/\/www.apaccf.pt\/?p=1502"},"modified":"2026-08-26T17:34:23","modified_gmt":"2026-08-26T17:34:23","slug":"pessoas-2030-e-ajuda-alimentar","status":"publish","type":"post","link":"https:\/\/www.apaccf.pt\/index.php\/2026\/08\/26\/pessoas-2030-e-ajuda-alimentar\/","title":{"rendered":"Pessoas 2030\u00a0e Ajuda Alimentar"},"content":{"rendered":"\n<p>No \u00e2mbito do Portugal 2030, a APACCF participa como entidade mediadora no PO APMC \u2013 Programa Operacional de Apoio \u00e0s Pessoas Mais Carenciadas, integrando a Ajuda Alimentar a destinat\u00e1rios em situa\u00e7\u00e3o de vulnerabilidade. Em parceria com a ACM e o Centro Comunit\u00e1rio de S\u00e3o Sebasti\u00e3o, e sob a coordena\u00e7\u00e3o da Associa\u00e7\u00e3o Baptista Shalom, esta opera\u00e7\u00e3o permite apoiar um total de 758 benefici\u00e1rios, atrav\u00e9s da distribui\u00e7\u00e3o de g\u00e9neros alimentares e bens de primeira necessidade.<\/p>\n\n\n\n<p>Realizam-se tamb\u00e9m ac\u00e7\u00f5es de acompanhamento nas \u00e1reas de sele\u00e7\u00e3o de g\u00e9neros alimentares, preven\u00e7\u00e3o do desperd\u00edcio e otimiza\u00e7\u00e3o da gest\u00e3o do or\u00e7amento familiar \u00e0s v\u00e1rias faixas et\u00e1rias. Conta com o apoio imprescind\u00edvel da Uni\u00e3o Europeia.<br><br>Pode consultar a Ficha de Projeto\u00a0<strong><a href=\"http:\/\/www.apaccf.pt\/wp-content\/uploads\/2026\/08\/Ficha-projeto-c-imagem.pdf\" target=\"_blank\" rel=\"noreferrer noopener\">aqui<\/a><\/strong>.\u00a0<\/p>\n\n\n\n<figure class=\"wp-block-image size-large\"><img loading=\"lazy\" decoding=\"async\" width=\"1024\" height=\"195\" src=\"https:\/\/www.apaccf.pt\/wp-content\/uploads\/2026\/08\/imagem-1024x195.png\" alt=\"\" class=\"wp-image-1503\" srcset=\"https:\/\/www.apaccf.pt\/wp-content\/uploads\/2026\/08\/imagem-1024x195.png 1024w, https:\/\/www.apaccf.pt\/wp-content\/uploads\/2026\/08\/imagem-300x57.png 300w, https:\/\/www.apaccf.pt\/wp-content\/uploads\/2026\/08\/imagem-768x146.png 768w, https:\/\/www.apaccf.pt\/wp-content\/uploads\/2026\/08\/imagem-945x180.png 945w, https:\/\/www.apaccf.pt\/wp-content\/uploads\/2026\/08\/imagem-600x114.png 600w, https:\/\/www.apaccf.pt\/wp-content\/uploads\/2026\/08\/imagem.png 1280w\" sizes=\"auto, (max-width: 1024px) 100vw, 1024px\" \/><\/figure>\n\n\n\n<p><\/p>\n","protected":false},"excerpt":{"rendered":"<p>No \u00e2mbito do Portugal 2030, a APACCF participa como entidade mediadora no PO APMC \u2013 Programa Operacional de Apoio \u00e0s Pessoas Mais Carenciadas, integrando a Ajuda Alimentar a destinat\u00e1rios em situa\u00e7\u00e3o de vulnerabilidade. Em parceria com a ACM e o&#8230; <a class=\"more-link\" href=\"https:\/\/www.apaccf.pt\/index.php\/2026\/08\/26\/pessoas-2030-e-ajuda-alimentar\/\">Ler mais &rarr;<\/a><\/p>\n","protected":false},"author":1,"featured_media":1504,"comment_status":"closed","ping_status":"closed","sticky":false,"template":"","format":"standard","meta":{"jetpack_post_was_ever_published":false,"_jetpack_newsletter_access":"","_jetpack_dont_email_post_to_subs":false,"_jetpack_newsletter_tier_id":0,"_jetpack_memberships_contains_paywalled_content":false,"_jetpack_memberships_contains_paid_content":false,"footnotes":"","jetpack_publicize_message":"","jetpack_publicize_feature_enabled":true,"jetpack_social_post_already_shared":true,"jetpack_social_options":{"image_generator_settings":{"template":"highway","default_image_id":0,"font":"","enabled":false},"version":2}},"categories":[5],"tags":[],"class_list":["post-1502","post","type-post","status-publish","format-standard","has-post-thumbnail","hentry","category-novidades"],"jetpack_publicize_connections":[],"jetpack_featured_media_url":"https:\/\/www.apaccf.pt\/wp-content\/uploads\/2026\/08\/pessoas2030_apaccf.jpg","jetpack_shortlink":"https:\/\/wp.me\/p9zHCG-oe","jetpack_sharing_enabled":true,"_links":{"self":[{"href":"https:\/\/www.apaccf.pt\/index.php\/wp-json\/wp\/v2\/posts\/1502","targetHints":{"allow":["GET"]}}],"collection":[{"href":"https:\/\/www.apaccf.pt\/index.php\/wp-json\/wp\/v2\/posts"}],"about":[{"href":"https:\/\/www.apaccf.pt\/index.php\/wp-json\/wp\/v2\/types\/post"}],"author":[{"embeddable":true,"href":"https:\/\/www.apaccf.pt\/index.php\/wp-json\/wp\/v2\/users\/1"}],"replies":[{"embeddable":true,"href":"https:\/\/www.apaccf.pt\/index.php\/wp-json\/wp\/v2\/comments?post=1502"}],"version-history":[{"count":4,"href":"https:\/\/www.apaccf.pt\/index.php\/wp-json\/wp\/v2\/posts\/1502\/revisions"}],"predecessor-version":[{"id":1509,"href":"https:\/\/www.apaccf.pt\/index.php\/wp-json\/wp\/v2\/posts\/1502\/revisions\/1509"}],"wp:featuredmedia":[{"embeddable":true,"href":"https:\/\/www.apaccf.pt\/index.php\/wp-json\/wp\/v2\/media\/1504"}],"wp:attachment":[{"href":"https:\/\/www.apaccf.pt\/index.php\/wp-json\/wp\/v2\/media?parent=1502"}],"wp:term":[{"taxonomy":"category","embeddable":true,"href":"https:\/\/www.apaccf.pt\/index.php\/wp-json\/wp\/v2\/categories?post=1502"},{"taxonomy":"post_tag","embeddable":true,"href":"https:\/\/www.apaccf.pt\/index.php\/wp-json\/wp\/v2\/tags?post=1502"}],"curies":[{"name":"wp","href":"https:\/\/api.w.org\/{rel}","templated":true}]}}