{"id":1499,"date":"2026-08-13T18:48:00","date_gmt":"2026-08-13T18:48:00","guid":{"rendered":"https:\/\/www.apaccf.pt\/?p=1499"},"modified":"2026-08-14T10:54:45","modified_gmt":"2026-08-14T10:54:45","slug":"nota-de-pesar-pelo-falecimento-do-professor-eugenio-da-fonseca","status":"publish","type":"post","link":"https:\/\/www.apaccf.pt\/index.php\/2026\/08\/13\/nota-de-pesar-pelo-falecimento-do-professor-eugenio-da-fonseca\/","title":{"rendered":"Nota de Pesar pelo Falecimento do Professor Eug\u00e9nio da Fonseca"},"content":{"rendered":"\n<p>A Dire\u00e7\u00e3o da APACCF \u2013 Associa\u00e7\u00e3o de Professores e Amigos das Crian\u00e7as do Casal das Figueiras manifesta o seu mais profundo pesar pelo falecimento do Professor Eug\u00e9nio da Fonseca, uma figura maior e inesquec\u00edvel da cidade de Set\u00fabal e de todo o pa\u00eds no combate \u00e0 pobreza e na promo\u00e7\u00e3o da solidariedade social. <\/p>\n\n\n\n<p>O Professor Eug\u00e9nio da Fonseca pautou a sua vida pela defesa intransigente da dignidade humana e pelo apoio cont\u00ednuo aos cidad\u00e3os em situa\u00e7\u00e3o de maior vulnerabilidade. O seu extraordin\u00e1rio percurso c\u00edvico, nomeadamente enquanto l\u00edder hist\u00f3rico da C\u00e1ritas Diocesana de Set\u00fabal, da C\u00e1ritas Portuguesa e, mais recentemente, como Presidente da Confedera\u00e7\u00e3o Portuguesa de Voluntariado, permanecer\u00e1 para sempre como um exemplo inspirador de dedica\u00e7\u00e3o ao pr\u00f3ximo para toda a nossa comunidade.<\/p>\n\n\n\n<p>Neste momento de imensa dor e consterna\u00e7\u00e3o, a Dire\u00e7\u00e3o da APACCF endere\u00e7a as mais sentidas condol\u00eancias e expressa a sua profunda solidariedade \u00e0 fam\u00edlia, aos amigos e a todas as institui\u00e7\u00f5es com as quais colaborou de forma t\u00e3o generosa ao longo das \u00faltimas d\u00e9cadas.<\/p>\n\n\n\n<p>Set\u00fabal, 13 de agosto de 2026.<\/p>\n\n\n\n<p>A Dire\u00e7\u00e3o da APACCF<\/p>\n","protected":false},"excerpt":{"rendered":"<p>A Dire\u00e7\u00e3o da APACCF \u2013 Associa\u00e7\u00e3o de Professores e Amigos das Crian\u00e7as do Casal das Figueiras manifesta o seu mais profundo pesar pelo falecimento do Professor Eug\u00e9nio da Fonseca, uma figura maior e inesquec\u00edvel da cidade de Set\u00fabal e de&#8230; <a class=\"more-link\" href=\"https:\/\/www.apaccf.pt\/index.php\/2026\/08\/13\/nota-de-pesar-pelo-falecimento-do-professor-eugenio-da-fonseca\/\">Ler mais &rarr;<\/a><\/p>\n","protected":false},"author":1,"featured_media":1500,"comment_status":"closed","ping_status":"closed","sticky":false,"template":"","format":"standard","meta":{"jetpack_post_was_ever_published":false,"_jetpack_newsletter_access":"","_jetpack_dont_email_post_to_subs":false,"_jetpack_newsletter_tier_id":0,"_jetpack_memberships_contains_paywalled_content":false,"_jetpack_memberships_contains_paid_content":false,"footnotes":"","jetpack_publicize_message":"","jetpack_publicize_feature_enabled":true,"jetpack_social_post_already_shared":true,"jetpack_social_options":{"image_generator_settings":{"template":"highway","default_image_id":0,"font":"","enabled":false},"version":2}},"categories":[1],"tags":[],"class_list":["post-1499","post","type-post","status-publish","format-standard","has-post-thumbnail","hentry","category-uncategorized"],"jetpack_publicize_connections":[],"jetpack_featured_media_url":"https:\/\/www.apaccf.pt\/wp-content\/uploads\/2026\/08\/professor-eugenio.jpg","jetpack_shortlink":"https:\/\/wp.me\/p9zHCG-ob","jetpack_sharing_enabled":true,"_links":{"self":[{"href":"https:\/\/www.apaccf.pt\/index.php\/wp-json\/wp\/v2\/posts\/1499","targetHints":{"allow":["GET"]}}],"collection":[{"href":"https:\/\/www.apaccf.pt\/index.php\/wp-json\/wp\/v2\/posts"}],"about":[{"href":"https:\/\/www.apaccf.pt\/index.php\/wp-json\/wp\/v2\/types\/post"}],"author":[{"embeddable":true,"href":"https:\/\/www.apaccf.pt\/index.php\/wp-json\/wp\/v2\/users\/1"}],"replies":[{"embeddable":true,"href":"https:\/\/www.apaccf.pt\/index.php\/wp-json\/wp\/v2\/comments?post=1499"}],"version-history":[{"count":1,"href":"https:\/\/www.apaccf.pt\/index.php\/wp-json\/wp\/v2\/posts\/1499\/revisions"}],"predecessor-version":[{"id":1501,"href":"https:\/\/www.apaccf.pt\/index.php\/wp-json\/wp\/v2\/posts\/1499\/revisions\/1501"}],"wp:featuredmedia":[{"embeddable":true,"href":"https:\/\/www.apaccf.pt\/index.php\/wp-json\/wp\/v2\/media\/1500"}],"wp:attachment":[{"href":"https:\/\/www.apaccf.pt\/index.php\/wp-json\/wp\/v2\/media?parent=1499"}],"wp:term":[{"taxonomy":"category","embeddable":true,"href":"https:\/\/www.apaccf.pt\/index.php\/wp-json\/wp\/v2\/categories?post=1499"},{"taxonomy":"post_tag","embeddable":true,"href":"https:\/\/www.apaccf.pt\/index.php\/wp-json\/wp\/v2\/tags?post=1499"}],"curies":[{"name":"wp","href":"https:\/\/api.w.org\/{rel}","templated":true}]}}